{"id":17822,"date":"2025-06-15T06:58:03","date_gmt":"2025-06-15T06:58:03","guid":{"rendered":"http:\/\/bayi.birolbilgin.com\/?p=17822"},"modified":"2026-02-10T08:06:11","modified_gmt":"2026-02-10T08:06:11","slug":"2025-istanbul-mobilya-fuarinda-yerimizi-aldik","status":"publish","type":"post","link":"https:\/\/www.fetalab.com\/fr\/2025-istanbul-mobilya-fuarinda-yerimizi-aldik\/","title":{"rendered":"Nous avons pris place au Salon du meuble d'Istanbul 2025 !"},"content":{"rendered":"<p class=\"wp-block-paragraph\" data-start=\"79\" data-end=\"304\"><strong data-start=\"79\" data-end=\"304\">21-25 Ocak 2025 tarihleri aras\u0131nda \u0130stanbul Fuar Merkezi&#8217;nde (\u0130FM) d\u00fczenlenen \u0130stanbul Mobilya Fuar\u0131\u2019na, Feta, Edutoys ve Edulab markalar\u0131m\u0131zla kat\u0131larak sekt\u00f6r\u00fcn \u00f6nde gelen temsilcileriyle bir araya gelme f\u0131rsat\u0131 bulduk.<\/strong><\/p>\r\n<p data-start=\"306\" data-end=\"686\">Bu \u00f6nemli organizasyonda; anaokulu ve okul mobilyalar\u0131, ilgi k\u00f6\u015feleri, s\u0131ra ve dolap sistemleri ile laboratuvar ekipmanlar\u0131 ve sistem \u00e7\u00f6z\u00fcmlerinden olu\u015fan geni\u015f \u00fcr\u00fcn yelpazemizi ziyaret\u00e7ilerle bulu\u015fturduk. Yenilik\u00e7i tasar\u0131mlar\u0131m\u0131z ve kaliteli \u00fcretim anlay\u0131\u015f\u0131m\u0131zla dikkat \u00e7ekerken, ziyaret\u00e7ilerimize hem \u00fcr\u00fcnlerimizi tan\u0131tma hem de sekt\u00f6rel geli\u015fmeleri de\u011ferlendirme imk\u00e2n\u0131 sunduk.<\/p>\r\n<p data-start=\"688\" data-end=\"966\">Fuarda mevcut i\u015f ortaklar\u0131m\u0131zla verimli g\u00f6r\u00fc\u015fmeler ger\u00e7ekle\u015ftirmenin yan\u0131 s\u0131ra, yeni i\u015f birlikleri kurmak \u00fczere sekt\u00f6r profesyonelleriyle \u00e7e\u015fitli temaslarda bulunduk. Markalar\u0131m\u0131za g\u00f6sterilen yo\u011fun ilgi bizleri son derece memnun etti ve gelece\u011fe y\u00f6nelik motivasyonumuzu art\u0131rd\u0131.<\/p>\r\n<p data-start=\"968\" data-end=\"1248\">Stand\u0131m\u0131z\u0131 ziyaret ederek bizleri onurland\u0131ran t\u00fcm i\u015f ortaklar\u0131m\u0131za ve de\u011ferli misafirlerimize i\u00e7ten te\u015fekk\u00fcrlerimizi sunar\u0131z. \u00dcr\u00fcn ve \u00e7\u00f6z\u00fcmlerimiz hakk\u0131nda daha fazla bilgiye ula\u015fmak i\u00e7in <a class=\"\" href=\"http:\/\/www.fetalab.com\/fr\/\" target=\"_new\" rel=\"noopener\" data-start=\"1157\" data-end=\"1172\">www.fetalab.com<\/a>, <a class=\"\" href=\"http:\/\/www.edutoys.com.tr\" target=\"_new\" rel=\"noopener\" data-start=\"1174\" data-end=\"1192\">www.edutoys.com.tr<\/a> ve <a class=\"\" href=\"http:\/\/www.edulab.com.tr\" target=\"_new\" rel=\"noopener\" data-start=\"1196\" data-end=\"1213\">www.edulab.com.tr<\/a> adreslerini ziyaret edebilirsiniz.<\/p>\r\n<p data-start=\"1250\" data-end=\"1312\" data-is-last-node=\"\" data-is-only-node=\"\"><strong data-start=\"1250\" data-end=\"1312\" data-is-last-node=\"\">Yeni fuar ve organizasyonlarda yeniden bulu\u015fmak dile\u011fiyle.<\/strong><\/p>","protected":false},"excerpt":{"rendered":"<p>21-25 Ocak 2025 tarihleri aras\u0131nda \u0130stanbul Fuar Merkezi&#8217;nde (\u0130FM) d\u00fczenlenen \u0130stanbul Mobilya Fuar\u0131\u2019na, Feta, Edutoys ve Edulab markalar\u0131m\u0131zla kat\u0131larak sekt\u00f6r\u00fcn<\/p>","protected":false},"author":1,"featured_media":4603,"comment_status":"closed","ping_status":"closed","sticky":false,"template":"","format":"standard","meta":{"_joinchat":[],"footnotes":""},"categories":[70],"tags":[],"class_list":["post-17822","post","type-post","status-publish","format-standard","has-post-thumbnail","hentry","category-bizden-haberler"],"yoast_head":"<!-- This site is optimized with the Yoast SEO plugin v27.6 - https:\/\/yoast.com\/product\/yoast-seo-wordpress\/ -->\n<title>2025 \u0130stanbul Mobilya Fuar\u0131\u2019nda Yerimizi Ald\u0131k! - Feta E\u011fitim Ara\u00e7lar\u0131 A.\u015e<\/title>\n<meta name=\"robots\" content=\"index, follow, max-snippet:-1, max-image-preview:large, max-video-preview:-1\" \/>\n<link rel=\"canonical\" href=\"https:\/\/www.fetalab.com\/fr\/2025-istanbul-mobilya-fuarinda-yerimizi-aldik\/\" \/>\n<meta property=\"og:locale\" content=\"fr_FR\" \/>\n<meta property=\"og:type\" content=\"article\" \/>\n<meta property=\"og:title\" content=\"2025 \u0130stanbul Mobilya Fuar\u0131\u2019nda Yerimizi Ald\u0131k! - Feta E\u011fitim Ara\u00e7lar\u0131 A.\u015e\" \/>\n<meta property=\"og:description\" content=\"21-25 Ocak 2025 tarihleri aras\u0131nda \u0130stanbul Fuar Merkezi&#8217;nde (\u0130FM) d\u00fczenlenen \u0130stanbul Mobilya Fuar\u0131\u2019na, Feta, Edutoys ve Edulab markalar\u0131m\u0131zla kat\u0131larak sekt\u00f6r\u00fcn\" \/>\n<meta property=\"og:url\" content=\"https:\/\/www.fetalab.com\/fr\/2025-istanbul-mobilya-fuarinda-yerimizi-aldik\/\" \/>\n<meta property=\"og:site_name\" content=\"Feta E\u011fitim Ara\u00e7lar\u0131 A.\u015e\" \/>\n<meta property=\"article:published_time\" content=\"2025-06-15T06:58:03+00:00\" \/>\n<meta property=\"article:modified_time\" content=\"2026-02-10T08:06:11+00:00\" \/>\n<meta property=\"og:image\" content=\"https:\/\/www.fetalab.com\/wp-content\/uploads\/2025\/02\/FETA-TASARIM-SMT-0038-1.png\" \/>\n\t<meta property=\"og:image:width\" content=\"1080\" \/>\n\t<meta property=\"og:image:height\" content=\"1080\" \/>\n\t<meta property=\"og:image:type\" content=\"image\/png\" \/>\n<meta name=\"author\" content=\"bbilgin\" \/>\n<meta name=\"twitter:card\" content=\"summary_large_image\" \/>\n<meta name=\"twitter:label1\" content=\"\u00c9crit par\" \/>\n\t<meta name=\"twitter:data1\" content=\"bbilgin\" \/>\n\t<meta name=\"twitter:label2\" content=\"Dur\u00e9e de lecture estim\u00e9e\" \/>\n\t<meta name=\"twitter:data2\" content=\"2 minutes\" \/>\n<script type=\"application\/ld+json\" class=\"yoast-schema-graph\">{\"@context\":\"https:\\\/\\\/schema.org\",\"@graph\":[{\"@type\":\"Article\",\"@id\":\"https:\\\/\\\/www.fetalab.com\\\/2025-istanbul-mobilya-fuarinda-yerimizi-aldik\\\/#article\",\"isPartOf\":{\"@id\":\"https:\\\/\\\/www.fetalab.com\\\/2025-istanbul-mobilya-fuarinda-yerimizi-aldik\\\/\"},\"author\":{\"name\":\"bbilgin\",\"@id\":\"https:\\\/\\\/www.fetalab.com\\\/#\\\/schema\\\/person\\\/d6f1cd6e01be695ab498919599713301\"},\"headline\":\"2025 \u0130stanbul Mobilya Fuar\u0131\u2019nda Yerimizi Ald\u0131k!\",\"datePublished\":\"2025-06-15T06:58:03+00:00\",\"dateModified\":\"2026-02-10T08:06:11+00:00\",\"mainEntityOfPage\":{\"@id\":\"https:\\\/\\\/www.fetalab.com\\\/2025-istanbul-mobilya-fuarinda-yerimizi-aldik\\\/\"},\"wordCount\":220,\"image\":{\"@id\":\"https:\\\/\\\/www.fetalab.com\\\/2025-istanbul-mobilya-fuarinda-yerimizi-aldik\\\/#primaryimage\"},\"thumbnailUrl\":\"https:\\\/\\\/www.fetalab.com\\\/wp-content\\\/uploads\\\/2025\\\/02\\\/FETA-TASARIM-SMT-0038-1.png\",\"articleSection\":[\"Bizden Haberler\"],\"inLanguage\":\"fr-FR\"},{\"@type\":\"ImageObject\",\"inLanguage\":\"fr-FR\",\"@id\":\"https:\\\/\\\/www.fetalab.com\\\/2025-istanbul-mobilya-fuarinda-yerimizi-aldik\\\/#primaryimage\",\"url\":\"https:\\\/\\\/www.fetalab.com\\\/wp-content\\\/uploads\\\/2025\\\/02\\\/FETA-TASARIM-SMT-0038-1.png\",\"contentUrl\":\"https:\\\/\\\/www.fetalab.com\\\/wp-content\\\/uploads\\\/2025\\\/02\\\/FETA-TASARIM-SMT-0038-1.png\",\"width\":1080,\"height\":1080},{\"@type\":\"BreadcrumbList\",\"@id\":\"https:\\\/\\\/www.fetalab.com\\\/2025-istanbul-mobilya-fuarinda-yerimizi-aldik\\\/#breadcrumb\",\"itemListElement\":[{\"@type\":\"ListItem\",\"position\":1,\"name\":\"Anasayfa\",\"item\":\"https:\\\/\\\/www.fetalab.com\\\/\"},{\"@type\":\"ListItem\",\"position\":2,\"name\":\"2025 \u0130stanbul Mobilya Fuar\u0131\u2019nda Yerimizi Ald\u0131k!\"}]},{\"@type\":\"WebSite\",\"@id\":\"https:\\\/\\\/www.fetalab.com\\\/#website\",\"url\":\"https:\\\/\\\/www.fetalab.com\\\/\",\"name\":\"Feta E\u011fitim Ara\u00e7lar\u0131 A.\u015e\",\"description\":\"Okul Mobilyas\u0131\",\"potentialAction\":[{\"@type\":\"SearchAction\",\"target\":{\"@type\":\"EntryPoint\",\"urlTemplate\":\"https:\\\/\\\/www.fetalab.com\\\/?s={search_term_string}\"},\"query-input\":{\"@type\":\"PropertyValueSpecification\",\"valueRequired\":true,\"valueName\":\"search_term_string\"}}],\"inLanguage\":\"fr-FR\"},{\"@type\":\"Person\",\"@id\":\"https:\\\/\\\/www.fetalab.com\\\/#\\\/schema\\\/person\\\/d6f1cd6e01be695ab498919599713301\",\"name\":\"bbilgin\",\"image\":{\"@type\":\"ImageObject\",\"inLanguage\":\"fr-FR\",\"@id\":\"https:\\\/\\\/secure.gravatar.com\\\/avatar\\\/65e8676e18179ea5ffc83523e2ce28edb84d476da917f032da43cfb7dc9832d7?s=96&d=mm&r=g\",\"url\":\"https:\\\/\\\/secure.gravatar.com\\\/avatar\\\/65e8676e18179ea5ffc83523e2ce28edb84d476da917f032da43cfb7dc9832d7?s=96&d=mm&r=g\",\"contentUrl\":\"https:\\\/\\\/secure.gravatar.com\\\/avatar\\\/65e8676e18179ea5ffc83523e2ce28edb84d476da917f032da43cfb7dc9832d7?s=96&d=mm&r=g\",\"caption\":\"bbilgin\"},\"sameAs\":[\"https:\\\/\\\/birolbilgin.com\"],\"url\":\"https:\\\/\\\/www.fetalab.com\\\/fr\\\/author\\\/bbilgin\\\/\"}]}<\/script>\n<!-- \/ Yoast SEO plugin. -->","yoast_head_json":{"title":"2025 \u0130stanbul Mobilya Fuar\u0131\u2019nda Yerimizi Ald\u0131k! - Feta E\u011fitim Ara\u00e7lar\u0131 A.\u015e","robots":{"index":"index","follow":"follow","max-snippet":"max-snippet:-1","max-image-preview":"max-image-preview:large","max-video-preview":"max-video-preview:-1"},"canonical":"https:\/\/www.fetalab.com\/fr\/2025-istanbul-mobilya-fuarinda-yerimizi-aldik\/","og_locale":"fr_FR","og_type":"article","og_title":"2025 \u0130stanbul Mobilya Fuar\u0131\u2019nda Yerimizi Ald\u0131k! - Feta E\u011fitim Ara\u00e7lar\u0131 A.\u015e","og_description":"21-25 Ocak 2025 tarihleri aras\u0131nda \u0130stanbul Fuar Merkezi&#8217;nde (\u0130FM) d\u00fczenlenen \u0130stanbul Mobilya Fuar\u0131\u2019na, Feta, Edutoys ve Edulab markalar\u0131m\u0131zla kat\u0131larak sekt\u00f6r\u00fcn","og_url":"https:\/\/www.fetalab.com\/fr\/2025-istanbul-mobilya-fuarinda-yerimizi-aldik\/","og_site_name":"Feta E\u011fitim Ara\u00e7lar\u0131 A.\u015e","article_published_time":"2025-06-15T06:58:03+00:00","article_modified_time":"2026-02-10T08:06:11+00:00","og_image":[{"width":1080,"height":1080,"url":"https:\/\/www.fetalab.com\/wp-content\/uploads\/2025\/02\/FETA-TASARIM-SMT-0038-1.png","type":"image\/png"}],"author":"bbilgin","twitter_card":"summary_large_image","twitter_misc":{"\u00c9crit par":"bbilgin","Dur\u00e9e de lecture estim\u00e9e":"2 minutes"},"schema":{"@context":"https:\/\/schema.org","@graph":[{"@type":"Article","@id":"https:\/\/www.fetalab.com\/2025-istanbul-mobilya-fuarinda-yerimizi-aldik\/#article","isPartOf":{"@id":"https:\/\/www.fetalab.com\/2025-istanbul-mobilya-fuarinda-yerimizi-aldik\/"},"author":{"name":"bbilgin","@id":"https:\/\/www.fetalab.com\/#\/schema\/person\/d6f1cd6e01be695ab498919599713301"},"headline":"2025 \u0130stanbul Mobilya Fuar\u0131\u2019nda Yerimizi Ald\u0131k!","datePublished":"2025-06-15T06:58:03+00:00","dateModified":"2026-02-10T08:06:11+00:00","mainEntityOfPage":{"@id":"https:\/\/www.fetalab.com\/2025-istanbul-mobilya-fuarinda-yerimizi-aldik\/"},"wordCount":220,"image":{"@id":"https:\/\/www.fetalab.com\/2025-istanbul-mobilya-fuarinda-yerimizi-aldik\/#primaryimage"},"thumbnailUrl":"https:\/\/www.fetalab.com\/wp-content\/uploads\/2025\/02\/FETA-TASARIM-SMT-0038-1.png","articleSection":["Bizden Haberler"],"inLanguage":"fr-FR"},{"@type":"ImageObject","inLanguage":"fr-FR","@id":"https:\/\/www.fetalab.com\/2025-istanbul-mobilya-fuarinda-yerimizi-aldik\/#primaryimage","url":"https:\/\/www.fetalab.com\/wp-content\/uploads\/2025\/02\/FETA-TASARIM-SMT-0038-1.png","contentUrl":"https:\/\/www.fetalab.com\/wp-content\/uploads\/2025\/02\/FETA-TASARIM-SMT-0038-1.png","width":1080,"height":1080},{"@type":"BreadcrumbList","@id":"https:\/\/www.fetalab.com\/2025-istanbul-mobilya-fuarinda-yerimizi-aldik\/#breadcrumb","itemListElement":[{"@type":"ListItem","position":1,"name":"Anasayfa","item":"https:\/\/www.fetalab.com\/"},{"@type":"ListItem","position":2,"name":"2025 \u0130stanbul Mobilya Fuar\u0131\u2019nda Yerimizi Ald\u0131k!"}]},{"@type":"WebSite","@id":"https:\/\/www.fetalab.com\/#website","url":"https:\/\/www.fetalab.com\/","name":"Feta Education Tools Inc.","description":"Okul Mobilyas\u0131","potentialAction":[{"@type":"SearchAction","target":{"@type":"EntryPoint","urlTemplate":"https:\/\/www.fetalab.com\/?s={search_term_string}"},"query-input":{"@type":"PropertyValueSpecification","valueRequired":true,"valueName":"search_term_string"}}],"inLanguage":"fr-FR"},{"@type":"Person","@id":"https:\/\/www.fetalab.com\/#\/schema\/person\/d6f1cd6e01be695ab498919599713301","name":"bbilgin","image":{"@type":"ImageObject","inLanguage":"fr-FR","@id":"https:\/\/secure.gravatar.com\/avatar\/65e8676e18179ea5ffc83523e2ce28edb84d476da917f032da43cfb7dc9832d7?s=96&d=mm&r=g","url":"https:\/\/secure.gravatar.com\/avatar\/65e8676e18179ea5ffc83523e2ce28edb84d476da917f032da43cfb7dc9832d7?s=96&d=mm&r=g","contentUrl":"https:\/\/secure.gravatar.com\/avatar\/65e8676e18179ea5ffc83523e2ce28edb84d476da917f032da43cfb7dc9832d7?s=96&d=mm&r=g","caption":"bbilgin"},"sameAs":["https:\/\/birolbilgin.com"],"url":"https:\/\/www.fetalab.com\/fr\/author\/bbilgin\/"}]}},"_links":{"self":[{"href":"https:\/\/www.fetalab.com\/fr\/wp-json\/wp\/v2\/posts\/17822","targetHints":{"allow":["GET"]}}],"collection":[{"href":"https:\/\/www.fetalab.com\/fr\/wp-json\/wp\/v2\/posts"}],"about":[{"href":"https:\/\/www.fetalab.com\/fr\/wp-json\/wp\/v2\/types\/post"}],"author":[{"embeddable":true,"href":"https:\/\/www.fetalab.com\/fr\/wp-json\/wp\/v2\/users\/1"}],"replies":[{"embeddable":true,"href":"https:\/\/www.fetalab.com\/fr\/wp-json\/wp\/v2\/comments?post=17822"}],"version-history":[{"count":0,"href":"https:\/\/www.fetalab.com\/fr\/wp-json\/wp\/v2\/posts\/17822\/revisions"}],"wp:featuredmedia":[{"embeddable":true,"href":"https:\/\/www.fetalab.com\/fr\/wp-json\/wp\/v2\/media\/4603"}],"wp:attachment":[{"href":"https:\/\/www.fetalab.com\/fr\/wp-json\/wp\/v2\/media?parent=17822"}],"wp:term":[{"taxonomy":"category","embeddable":true,"href":"https:\/\/www.fetalab.com\/fr\/wp-json\/wp\/v2\/categories?post=17822"},{"taxonomy":"post_tag","embeddable":true,"href":"https:\/\/www.fetalab.com\/fr\/wp-json\/wp\/v2\/tags?post=17822"}],"curies":[{"name":"wp","href":"https:\/\/api.w.org\/{rel}","templated":true}]}}