{"id":50726,"date":"2025-11-04T07:10:15","date_gmt":"2025-11-04T07:10:15","guid":{"rendered":"https:\/\/www.fetalab.com\/?p=50726"},"modified":"2025-11-04T07:10:15","modified_gmt":"2025-11-04T07:10:15","slug":"mudur-odalari-rehberlik-birimleri-ve-ogretmenler-odasi-icin-2025-mobilya-trendleri","status":"publish","type":"post","link":"https:\/\/www.fetalab.com\/en\/mudur-odalari-rehberlik-birimleri-ve-ogretmenler-odasi-icin-2025-mobilya-trendleri\/","title":{"rendered":"M\u00fcd\u00fcr Odalar\u0131, Rehberlik Birimleri ve \u00d6\u011fretmenler Odas\u0131 \u0130\u00e7in 2025 Mobilya Trendleri"},"content":{"rendered":"<h2 data-start=\"179\" data-end=\"269\"><strong data-start=\"182\" data-end=\"269\">M\u00fcd\u00fcr Odalar\u0131, Rehberlik Birimleri ve \u00d6\u011fretmenler Odas\u0131 \u0130\u00e7in 2025 Mobilya Trendleri<\/strong><\/h2>\n<p data-start=\"271\" data-end=\"753\">E\u011fitim kurumlar\u0131nda i\u00e7 mek\u00e2n tasar\u0131m\u0131, yaln\u0131zca estetik bir unsur de\u011fil; ayn\u0131 zamanda motivasyonu, ileti\u015fimi ve verimlili\u011fi etkileyen \u00f6nemli bir fakt\u00f6rd\u00fcr. 2025 y\u0131l\u0131na girdi\u011fimiz bu d\u00f6nemde, <strong data-start=\"462\" data-end=\"488\">okul mobilya trendleri<\/strong> hem modern tasar\u0131m anlay\u0131\u015f\u0131n\u0131 hem de ergonomiyi \u00f6n plana \u00e7\u0131kar\u0131yor. \u00d6zellikle <strong data-start=\"567\" data-end=\"584\">m\u00fcd\u00fcr odalar\u0131<\/strong>, <strong data-start=\"586\" data-end=\"609\">rehberlik birimleri<\/strong> and <strong data-start=\"613\" data-end=\"634\">\u00f6\u011fretmenler odas\u0131<\/strong> gibi alanlarda kullan\u0131lan mobilyalar; fonksiyonellik, konfor ve s\u00fcrd\u00fcr\u00fclebilirlik temelli olarak yeniden \u015fekilleniyor.<\/p>\n<h3 data-start=\"755\" data-end=\"822\"><strong data-start=\"759\" data-end=\"822\">1. M\u00fcd\u00fcr Odalar\u0131nda \u015e\u0131kl\u0131k ve Otoriteyi Yans\u0131tan Tasar\u0131mlar<\/strong><\/h3>\n<p data-start=\"824\" data-end=\"1126\">M\u00fcd\u00fcr odalar\u0131, bir okulun kurumsal kimli\u011fini en iyi yans\u0131tan alanlard\u0131r. Bu nedenle 2025 trendlerinde <strong data-start=\"926\" data-end=\"952\">minimal ama etkileyici<\/strong> tasar\u0131mlar \u00f6ne \u00e7\u0131k\u0131yor. Ah\u015fap tonlar\u0131n\u0131n metal detaylarla birle\u015fti\u011fi, sade \u00e7izgilere sahip <strong data-start=\"1044\" data-end=\"1071\">modern ofis mobilyalar\u0131<\/strong>, hem otoriteyi hem de profesyonelli\u011fi temsil ediyor.<\/p>\n<p data-start=\"1128\" data-end=\"1447\">Ayr\u0131ca, <strong data-start=\"1136\" data-end=\"1165\">ak\u0131ll\u0131 depolama \u00e7\u00f6z\u00fcmleri<\/strong> and <strong data-start=\"1169\" data-end=\"1196\">mod\u00fcler masa sistemleri<\/strong>, hem d\u00fczeni sa\u011fl\u0131yor hem de alan verimlili\u011fini art\u0131r\u0131yor. M\u00fcd\u00fcr odalar\u0131nda kullan\u0131lan renkler art\u0131k sadece koyu tonlarla s\u0131n\u0131rl\u0131 de\u011fil. Gri, antrasit, bej ve pastel tonlar, mek\u00e2nlara ferahl\u0131k kazand\u0131r\u0131rken ayn\u0131 zamanda s\u0131cak bir atmosfer yarat\u0131yor.<\/p>\n<h3 data-start=\"1667\" data-end=\"1736\"><strong data-start=\"1671\" data-end=\"1736\">2. Rehberlik Birimlerinde Rahatlat\u0131c\u0131 ve G\u00fcven Veren Ortamlar<\/strong><\/h3>\n<p data-start=\"1738\" data-end=\"1938\">Rehberlik birimleri, \u00f6\u011frencilerle birebir ileti\u015fimin kuruldu\u011fu hassas alanlard\u0131r. Bu nedenle 2025 mobilya trendlerinde <strong data-start=\"1857\" data-end=\"1880\">rahatlat\u0131c\u0131 renkler<\/strong> and <strong data-start=\"1884\" data-end=\"1920\">yumu\u015fak hatlara sahip mobilyalar<\/strong> dikkat \u00e7ekiyor.<\/p>\n<p data-start=\"1940\" data-end=\"2230\">A\u00e7\u0131k mavi, a\u00e7\u0131k ye\u015fil ve toprak tonlar\u0131 gibi <strong data-start=\"1985\" data-end=\"2009\">do\u011fal renk paletleri<\/strong>, dan\u0131\u015fma ortam\u0131na huzur katarken, mod\u00fcler oturma gruplar\u0131 esnek kullan\u0131m olana\u011f\u0131 sa\u011fl\u0131yor. Ayr\u0131ca, <strong data-start=\"2109\" data-end=\"2129\">akustik paneller<\/strong> and <strong data-start=\"2133\" data-end=\"2165\">ses emici kuma\u015fl\u0131 mobilyalar<\/strong>, mahremiyeti koruyarak g\u00fcvenli bir konu\u015fma ortam\u0131 olu\u015fturuyor.<\/p>\n<p data-start=\"2232\" data-end=\"2481\">Ah\u015fap detayl\u0131 masa ve raf sistemleri, hem do\u011fal bir g\u00f6r\u00fcn\u00fcm sunuyor hem de dan\u0131\u015fma ortam\u0131na s\u0131cakl\u0131k kazand\u0131r\u0131yor. Son y\u0131llarda <strong data-start=\"2360\" data-end=\"2412\">s\u00fcrd\u00fcr\u00fclebilir malzemelerden \u00fcretilen mobilyalar<\/strong>, rehberlik birimleri i\u00e7in \u00e7evre dostu bir tercih olarak \u00f6ne \u00e7\u0131k\u0131yor.<\/p>\n<h3 data-start=\"2692\" data-end=\"2753\"><strong data-start=\"2696\" data-end=\"2753\">3. \u00d6\u011fretmenler Odas\u0131nda Konfor ve Sosyal Alan Dengesi<\/strong><\/h3>\n<p data-start=\"2755\" data-end=\"2992\">2025 \u00f6\u011fretmenler odas\u0131 tasar\u0131mlar\u0131, hem dinlenme hem de sosyalle\u015fme alan\u0131 i\u015flevini bir arada sunuyor. Geni\u015f oturma gruplar\u0131, ergonomik sandalyeler ve esnek \u00e7al\u0131\u015fma alanlar\u0131, \u00f6\u011fretmenlerin g\u00fcn\u00fcn stresini atabilece\u011fi bir ortam yarat\u0131yor.<\/p>\n<p data-start=\"2994\" data-end=\"3271\"><strong data-start=\"2994\" data-end=\"3018\">Do\u011fal \u0131\u015f\u0131k kullan\u0131m\u0131<\/strong>, <strong data-start=\"3020\" data-end=\"3044\">bitki dekorasyonlar\u0131<\/strong> and <strong data-start=\"3048\" data-end=\"3081\">s\u0131cak renkli tekstil \u00fcr\u00fcnleri<\/strong> ile desteklenen modern tasar\u0131mlar, \u00f6\u011fretmenler odas\u0131na samimi bir hava kat\u0131yor. Ayr\u0131ca, <strong data-start=\"3170\" data-end=\"3203\">\u00e7ok ama\u00e7l\u0131 mod\u00fcler mobilyalar<\/strong>, hem toplant\u0131lar hem de bireysel dinlenme i\u00e7in kolayl\u0131k sa\u011fl\u0131yor.<\/p>\n<p data-start=\"3273\" data-end=\"3500\">Yeni trendlerde \u00f6\u011fretmenler odalar\u0131 sadece \u00e7al\u0131\u015fma alan\u0131 de\u011fil; ayn\u0131 zamanda <strong data-start=\"3350\" data-end=\"3381\">yenilenme ve payla\u015f\u0131m alan\u0131<\/strong> olarak d\u00fc\u015f\u00fcn\u00fcl\u00fcyor. Bu nedenle mobilyalarda konforun yan\u0131 s\u0131ra <strong data-start=\"3445\" data-end=\"3462\">akustik denge<\/strong> and <strong data-start=\"3466\" data-end=\"3481\">\u0131s\u0131 konforu<\/strong> da \u00f6nem kazan\u0131yor.<\/p>\n<h3 data-start=\"3665\" data-end=\"3713\"><strong data-start=\"3669\" data-end=\"3713\">Sonu\u00e7: E\u011fitim Alanlar\u0131nda Tasar\u0131m\u0131n G\u00fcc\u00fc<\/strong><\/h3>\n<p data-start=\"3715\" data-end=\"4060\">2025 y\u0131l\u0131 mobilya trendleri, e\u011fitim kurumlar\u0131nda <strong data-start=\"3764\" data-end=\"3806\">modernlik, s\u00fcrd\u00fcr\u00fclebilirlik ve konfor<\/strong> kavramlar\u0131n\u0131 bir araya getiriyor. M\u00fcd\u00fcr odalar\u0131, rehberlik birimleri ve \u00f6\u011fretmenler odas\u0131 i\u00e7in tasarlanan mobilyalar art\u0131k sadece i\u015flevsel de\u011fil; ayn\u0131 zamanda motivasyonu, verimlili\u011fi ve kurumsal imaj\u0131 g\u00fc\u00e7lendiren tasar\u0131m unsurlar\u0131na d\u00f6n\u00fc\u015fm\u00fc\u015f durumda.<\/p>\n<p data-start=\"4062\" data-end=\"4272\">E\u011fer siz de okulunuzda profesyonel bir g\u00f6r\u00fcn\u00fcm ve konforlu bir \u00e7al\u0131\u015fma ortam\u0131 yaratmak istiyorsan\u0131z, <strong data-start=\"4163\" data-end=\"4193\">yenilik\u00e7i ofis mobilyalar\u0131<\/strong> and <strong data-start=\"4197\" data-end=\"4222\">ergonomik tasar\u0131mlar\u0131<\/strong> tercih ederek bu trendlere ayak uydurabilirsiniz.<\/p>","protected":false},"excerpt":{"rendered":"<p>M\u00fcd\u00fcr Odalar\u0131, Rehberlik Birimleri ve \u00d6\u011fretmenler Odas\u0131 \u0130\u00e7in 2025 Mobilya Trendleri E\u011fitim kurumlar\u0131nda i\u00e7 mek\u00e2n tasar\u0131m\u0131, yaln\u0131zca estetik bir unsur<\/p>","protected":false},"author":1,"featured_media":50728,"comment_status":"closed","ping_status":"closed","sticky":false,"template":"","format":"standard","meta":{"_joinchat":[],"footnotes":""},"categories":[1],"tags":[],"class_list":["post-50726","post","type-post","status-publish","format-standard","has-post-thumbnail","hentry","category-blog"],"yoast_head":"<!-- This site is optimized with the Yoast SEO plugin v27.6 - https:\/\/yoast.com\/product\/yoast-seo-wordpress\/ -->\n<title>M\u00fcd\u00fcr Odalar\u0131, Rehberlik Birimleri ve \u00d6\u011fretmenler Odas\u0131 \u0130\u00e7in 2025 Mobilya Trendleri - Feta E\u011fitim Ara\u00e7lar\u0131 A.\u015e<\/title>\n<meta name=\"robots\" content=\"index, follow, max-snippet:-1, max-image-preview:large, max-video-preview:-1\" \/>\n<link rel=\"canonical\" href=\"https:\/\/www.fetalab.com\/en\/mudur-odalari-rehberlik-birimleri-ve-ogretmenler-odasi-icin-2025-mobilya-trendleri\/\" \/>\n<meta property=\"og:locale\" content=\"en_US\" \/>\n<meta property=\"og:type\" content=\"article\" \/>\n<meta property=\"og:title\" content=\"M\u00fcd\u00fcr Odalar\u0131, Rehberlik Birimleri ve \u00d6\u011fretmenler Odas\u0131 \u0130\u00e7in 2025 Mobilya Trendleri - Feta E\u011fitim Ara\u00e7lar\u0131 A.\u015e\" \/>\n<meta property=\"og:description\" content=\"M\u00fcd\u00fcr Odalar\u0131, Rehberlik Birimleri ve \u00d6\u011fretmenler Odas\u0131 \u0130\u00e7in 2025 Mobilya Trendleri E\u011fitim kurumlar\u0131nda i\u00e7 mek\u00e2n tasar\u0131m\u0131, yaln\u0131zca estetik bir unsur\" \/>\n<meta property=\"og:url\" content=\"https:\/\/www.fetalab.com\/en\/mudur-odalari-rehberlik-birimleri-ve-ogretmenler-odasi-icin-2025-mobilya-trendleri\/\" \/>\n<meta property=\"og:site_name\" content=\"Feta E\u011fitim Ara\u00e7lar\u0131 A.\u015e\" \/>\n<meta property=\"article:published_time\" content=\"2025-11-04T07:10:15+00:00\" \/>\n<meta property=\"og:image\" content=\"https:\/\/www.fetalab.com\/wp-content\/uploads\/2025\/11\/Gemini_Generated_Image_2qm37g2qm37g2qm3.jpg\" \/>\n\t<meta property=\"og:image:width\" content=\"1000\" \/>\n\t<meta property=\"og:image:height\" content=\"1000\" \/>\n\t<meta property=\"og:image:type\" content=\"image\/jpeg\" \/>\n<meta name=\"author\" content=\"bbilgin\" \/>\n<meta name=\"twitter:card\" content=\"summary_large_image\" \/>\n<meta name=\"twitter:label1\" content=\"Written by\" \/>\n\t<meta name=\"twitter:data1\" content=\"bbilgin\" \/>\n\t<meta name=\"twitter:label2\" content=\"Est. reading time\" \/>\n\t<meta name=\"twitter:data2\" content=\"3 minutes\" \/>\n<script type=\"application\/ld+json\" class=\"yoast-schema-graph\">{\"@context\":\"https:\\\/\\\/schema.org\",\"@graph\":[{\"@type\":\"Article\",\"@id\":\"https:\\\/\\\/www.fetalab.com\\\/mudur-odalari-rehberlik-birimleri-ve-ogretmenler-odasi-icin-2025-mobilya-trendleri\\\/#article\",\"isPartOf\":{\"@id\":\"https:\\\/\\\/www.fetalab.com\\\/mudur-odalari-rehberlik-birimleri-ve-ogretmenler-odasi-icin-2025-mobilya-trendleri\\\/\"},\"author\":{\"name\":\"bbilgin\",\"@id\":\"https:\\\/\\\/www.fetalab.com\\\/#\\\/schema\\\/person\\\/d6f1cd6e01be695ab498919599713301\"},\"headline\":\"M\u00fcd\u00fcr Odalar\u0131, Rehberlik Birimleri ve \u00d6\u011fretmenler Odas\u0131 \u0130\u00e7in 2025 Mobilya Trendleri\",\"datePublished\":\"2025-11-04T07:10:15+00:00\",\"mainEntityOfPage\":{\"@id\":\"https:\\\/\\\/www.fetalab.com\\\/mudur-odalari-rehberlik-birimleri-ve-ogretmenler-odasi-icin-2025-mobilya-trendleri\\\/\"},\"wordCount\":603,\"image\":{\"@id\":\"https:\\\/\\\/www.fetalab.com\\\/mudur-odalari-rehberlik-birimleri-ve-ogretmenler-odasi-icin-2025-mobilya-trendleri\\\/#primaryimage\"},\"thumbnailUrl\":\"https:\\\/\\\/www.fetalab.com\\\/wp-content\\\/uploads\\\/2025\\\/11\\\/Gemini_Generated_Image_2qm37g2qm37g2qm3.jpg\",\"articleSection\":[\"Blog\"],\"inLanguage\":\"en-US\"},{\"@type\":\"ImageObject\",\"inLanguage\":\"en-US\",\"@id\":\"https:\\\/\\\/www.fetalab.com\\\/mudur-odalari-rehberlik-birimleri-ve-ogretmenler-odasi-icin-2025-mobilya-trendleri\\\/#primaryimage\",\"url\":\"https:\\\/\\\/www.fetalab.com\\\/wp-content\\\/uploads\\\/2025\\\/11\\\/Gemini_Generated_Image_2qm37g2qm37g2qm3.jpg\",\"contentUrl\":\"https:\\\/\\\/www.fetalab.com\\\/wp-content\\\/uploads\\\/2025\\\/11\\\/Gemini_Generated_Image_2qm37g2qm37g2qm3.jpg\",\"width\":1000,\"height\":1000},{\"@type\":\"BreadcrumbList\",\"@id\":\"https:\\\/\\\/www.fetalab.com\\\/mudur-odalari-rehberlik-birimleri-ve-ogretmenler-odasi-icin-2025-mobilya-trendleri\\\/#breadcrumb\",\"itemListElement\":[{\"@type\":\"ListItem\",\"position\":1,\"name\":\"Anasayfa\",\"item\":\"https:\\\/\\\/www.fetalab.com\\\/\"},{\"@type\":\"ListItem\",\"position\":2,\"name\":\"M\u00fcd\u00fcr Odalar\u0131, Rehberlik Birimleri ve \u00d6\u011fretmenler Odas\u0131 \u0130\u00e7in 2025 Mobilya Trendleri\"}]},{\"@type\":\"WebSite\",\"@id\":\"https:\\\/\\\/www.fetalab.com\\\/#website\",\"url\":\"https:\\\/\\\/www.fetalab.com\\\/\",\"name\":\"Feta E\u011fitim Ara\u00e7lar\u0131 A.\u015e\",\"description\":\"Okul Mobilyas\u0131\",\"potentialAction\":[{\"@type\":\"SearchAction\",\"target\":{\"@type\":\"EntryPoint\",\"urlTemplate\":\"https:\\\/\\\/www.fetalab.com\\\/?s={search_term_string}\"},\"query-input\":{\"@type\":\"PropertyValueSpecification\",\"valueRequired\":true,\"valueName\":\"search_term_string\"}}],\"inLanguage\":\"en-US\"},{\"@type\":\"Person\",\"@id\":\"https:\\\/\\\/www.fetalab.com\\\/#\\\/schema\\\/person\\\/d6f1cd6e01be695ab498919599713301\",\"name\":\"bbilgin\",\"image\":{\"@type\":\"ImageObject\",\"inLanguage\":\"en-US\",\"@id\":\"https:\\\/\\\/secure.gravatar.com\\\/avatar\\\/65e8676e18179ea5ffc83523e2ce28edb84d476da917f032da43cfb7dc9832d7?s=96&d=mm&r=g\",\"url\":\"https:\\\/\\\/secure.gravatar.com\\\/avatar\\\/65e8676e18179ea5ffc83523e2ce28edb84d476da917f032da43cfb7dc9832d7?s=96&d=mm&r=g\",\"contentUrl\":\"https:\\\/\\\/secure.gravatar.com\\\/avatar\\\/65e8676e18179ea5ffc83523e2ce28edb84d476da917f032da43cfb7dc9832d7?s=96&d=mm&r=g\",\"caption\":\"bbilgin\"},\"sameAs\":[\"https:\\\/\\\/birolbilgin.com\"],\"url\":\"https:\\\/\\\/www.fetalab.com\\\/en\\\/author\\\/bbilgin\\\/\"}]}<\/script>\n<!-- \/ Yoast SEO plugin. -->","yoast_head_json":{"title":"M\u00fcd\u00fcr Odalar\u0131, Rehberlik Birimleri ve \u00d6\u011fretmenler Odas\u0131 \u0130\u00e7in 2025 Mobilya Trendleri - Feta E\u011fitim Ara\u00e7lar\u0131 A.\u015e","robots":{"index":"index","follow":"follow","max-snippet":"max-snippet:-1","max-image-preview":"max-image-preview:large","max-video-preview":"max-video-preview:-1"},"canonical":"https:\/\/www.fetalab.com\/en\/mudur-odalari-rehberlik-birimleri-ve-ogretmenler-odasi-icin-2025-mobilya-trendleri\/","og_locale":"en_US","og_type":"article","og_title":"M\u00fcd\u00fcr Odalar\u0131, Rehberlik Birimleri ve \u00d6\u011fretmenler Odas\u0131 \u0130\u00e7in 2025 Mobilya Trendleri - Feta E\u011fitim Ara\u00e7lar\u0131 A.\u015e","og_description":"M\u00fcd\u00fcr Odalar\u0131, Rehberlik Birimleri ve \u00d6\u011fretmenler Odas\u0131 \u0130\u00e7in 2025 Mobilya Trendleri E\u011fitim kurumlar\u0131nda i\u00e7 mek\u00e2n tasar\u0131m\u0131, yaln\u0131zca estetik bir unsur","og_url":"https:\/\/www.fetalab.com\/en\/mudur-odalari-rehberlik-birimleri-ve-ogretmenler-odasi-icin-2025-mobilya-trendleri\/","og_site_name":"Feta E\u011fitim Ara\u00e7lar\u0131 A.\u015e","article_published_time":"2025-11-04T07:10:15+00:00","og_image":[{"width":1000,"height":1000,"url":"https:\/\/www.fetalab.com\/wp-content\/uploads\/2025\/11\/Gemini_Generated_Image_2qm37g2qm37g2qm3.jpg","type":"image\/jpeg"}],"author":"bbilgin","twitter_card":"summary_large_image","twitter_misc":{"Written by":"bbilgin","Est. reading time":"3 minutes"},"schema":{"@context":"https:\/\/schema.org","@graph":[{"@type":"Article","@id":"https:\/\/www.fetalab.com\/mudur-odalari-rehberlik-birimleri-ve-ogretmenler-odasi-icin-2025-mobilya-trendleri\/#article","isPartOf":{"@id":"https:\/\/www.fetalab.com\/mudur-odalari-rehberlik-birimleri-ve-ogretmenler-odasi-icin-2025-mobilya-trendleri\/"},"author":{"name":"bbilgin","@id":"https:\/\/www.fetalab.com\/#\/schema\/person\/d6f1cd6e01be695ab498919599713301"},"headline":"M\u00fcd\u00fcr Odalar\u0131, Rehberlik Birimleri ve \u00d6\u011fretmenler Odas\u0131 \u0130\u00e7in 2025 Mobilya Trendleri","datePublished":"2025-11-04T07:10:15+00:00","mainEntityOfPage":{"@id":"https:\/\/www.fetalab.com\/mudur-odalari-rehberlik-birimleri-ve-ogretmenler-odasi-icin-2025-mobilya-trendleri\/"},"wordCount":603,"image":{"@id":"https:\/\/www.fetalab.com\/mudur-odalari-rehberlik-birimleri-ve-ogretmenler-odasi-icin-2025-mobilya-trendleri\/#primaryimage"},"thumbnailUrl":"https:\/\/www.fetalab.com\/wp-content\/uploads\/2025\/11\/Gemini_Generated_Image_2qm37g2qm37g2qm3.jpg","articleSection":["Blog"],"inLanguage":"en-US"},{"@type":"ImageObject","inLanguage":"en-US","@id":"https:\/\/www.fetalab.com\/mudur-odalari-rehberlik-birimleri-ve-ogretmenler-odasi-icin-2025-mobilya-trendleri\/#primaryimage","url":"https:\/\/www.fetalab.com\/wp-content\/uploads\/2025\/11\/Gemini_Generated_Image_2qm37g2qm37g2qm3.jpg","contentUrl":"https:\/\/www.fetalab.com\/wp-content\/uploads\/2025\/11\/Gemini_Generated_Image_2qm37g2qm37g2qm3.jpg","width":1000,"height":1000},{"@type":"BreadcrumbList","@id":"https:\/\/www.fetalab.com\/mudur-odalari-rehberlik-birimleri-ve-ogretmenler-odasi-icin-2025-mobilya-trendleri\/#breadcrumb","itemListElement":[{"@type":"ListItem","position":1,"name":"Anasayfa","item":"https:\/\/www.fetalab.com\/"},{"@type":"ListItem","position":2,"name":"M\u00fcd\u00fcr Odalar\u0131, Rehberlik Birimleri ve \u00d6\u011fretmenler Odas\u0131 \u0130\u00e7in 2025 Mobilya Trendleri"}]},{"@type":"WebSite","@id":"https:\/\/www.fetalab.com\/#website","url":"https:\/\/www.fetalab.com\/","name":"Feta Education Tools Inc.","description":"Okul Mobilyas\u0131","potentialAction":[{"@type":"SearchAction","target":{"@type":"EntryPoint","urlTemplate":"https:\/\/www.fetalab.com\/?s={search_term_string}"},"query-input":{"@type":"PropertyValueSpecification","valueRequired":true,"valueName":"search_term_string"}}],"inLanguage":"en-US"},{"@type":"Person","@id":"https:\/\/www.fetalab.com\/#\/schema\/person\/d6f1cd6e01be695ab498919599713301","name":"bbilgin","image":{"@type":"ImageObject","inLanguage":"en-US","@id":"https:\/\/secure.gravatar.com\/avatar\/65e8676e18179ea5ffc83523e2ce28edb84d476da917f032da43cfb7dc9832d7?s=96&d=mm&r=g","url":"https:\/\/secure.gravatar.com\/avatar\/65e8676e18179ea5ffc83523e2ce28edb84d476da917f032da43cfb7dc9832d7?s=96&d=mm&r=g","contentUrl":"https:\/\/secure.gravatar.com\/avatar\/65e8676e18179ea5ffc83523e2ce28edb84d476da917f032da43cfb7dc9832d7?s=96&d=mm&r=g","caption":"bbilgin"},"sameAs":["https:\/\/birolbilgin.com"],"url":"https:\/\/www.fetalab.com\/en\/author\/bbilgin\/"}]}},"_links":{"self":[{"href":"https:\/\/www.fetalab.com\/en\/wp-json\/wp\/v2\/posts\/50726","targetHints":{"allow":["GET"]}}],"collection":[{"href":"https:\/\/www.fetalab.com\/en\/wp-json\/wp\/v2\/posts"}],"about":[{"href":"https:\/\/www.fetalab.com\/en\/wp-json\/wp\/v2\/types\/post"}],"author":[{"embeddable":true,"href":"https:\/\/www.fetalab.com\/en\/wp-json\/wp\/v2\/users\/1"}],"replies":[{"embeddable":true,"href":"https:\/\/www.fetalab.com\/en\/wp-json\/wp\/v2\/comments?post=50726"}],"version-history":[{"count":0,"href":"https:\/\/www.fetalab.com\/en\/wp-json\/wp\/v2\/posts\/50726\/revisions"}],"wp:featuredmedia":[{"embeddable":true,"href":"https:\/\/www.fetalab.com\/en\/wp-json\/wp\/v2\/media\/50728"}],"wp:attachment":[{"href":"https:\/\/www.fetalab.com\/en\/wp-json\/wp\/v2\/media?parent=50726"}],"wp:term":[{"taxonomy":"category","embeddable":true,"href":"https:\/\/www.fetalab.com\/en\/wp-json\/wp\/v2\/categories?post=50726"},{"taxonomy":"post_tag","embeddable":true,"href":"https:\/\/www.fetalab.com\/en\/wp-json\/wp\/v2\/tags?post=50726"}],"curies":[{"name":"wp","href":"https:\/\/api.w.org\/{rel}","templated":true}]}}