{"id":17822,"date":"2025-06-15T06:58:03","date_gmt":"2025-06-15T06:58:03","guid":{"rendered":"http:\/\/bayi.birolbilgin.com\/?p=17822"},"modified":"2026-02-10T08:06:11","modified_gmt":"2026-02-10T08:06:11","slug":"we-took-our-place-at-2025-istanbul-furniture-fair","status":"publish","type":"post","link":"https:\/\/www.fetalab.com\/en\/2025-istanbul-mobilya-fuarinda-yerimizi-aldik\/","title":{"rendered":"We took our place at 2025 Istanbul Furniture Fair!"},"content":{"rendered":"<p class=\"wp-block-paragraph\" data-start=\"79\" data-end=\"304\"><strong data-start=\"79\" data-end=\"304\">We had the opportunity to meet with the leading representatives of the sector by participating in the Istanbul Furniture Fair held at the Istanbul Expo Center (IFM) between 21-25 January 2025 with our Feta, Edutoys and Edulab brands.<\/strong><\/p>\r\n<p data-start=\"306\" data-end=\"686\">In this important organization; we brought together our wide range of products including kindergarten and school furniture, interest corners, desk and cabinet systems, laboratory equipment and system solutions with visitors. While attracting attention with our innovative designs and quality production approach, we offered our visitors the opportunity to both introduce our products and evaluate sectoral developments.<\/p>\r\n<p data-start=\"688\" data-end=\"966\">At the fair, we held productive meetings with our existing business partners, as well as various contacts with industry professionals to establish new collaborations. The intense interest shown in our brands made us extremely pleased and increased our motivation for the future.<\/p>\r\n<p data-start=\"968\" data-end=\"1248\">We would like to extend our sincere thanks to all our business partners and valued guests who honored us by visiting our booth. For more information about our products and solutions <a class=\"\" href=\"http:\/\/www.fetalab.com\/en\/\" target=\"_new\" rel=\"noopener\" data-start=\"1157\" data-end=\"1172\">www.fetalab.com<\/a>, <a class=\"\" href=\"http:\/\/www.edutoys.com.tr\" target=\"_new\" rel=\"noopener\" data-start=\"1174\" data-end=\"1192\">www.edutoys.com.tr<\/a> and <a class=\"\" href=\"http:\/\/www.edulab.com.tr\" target=\"_new\" rel=\"noopener\" data-start=\"1196\" data-end=\"1213\">www.edulab.com.tr<\/a> You can visit their addresses.<\/p>\r\n<p data-start=\"1250\" data-end=\"1312\" data-is-last-node=\"\" data-is-only-node=\"\"><strong data-start=\"1250\" data-end=\"1312\" data-is-last-node=\"\">Hope to meet again in new fairs and organizations.<\/strong><\/p>","protected":false},"excerpt":{"rendered":"<p>We participated in the Istanbul Furniture Fair held at the Istanbul Expo Center (IFM) between January 21-25, 2025 with our brands Feta, Edutoys and Edulab.<\/p>","protected":false},"author":1,"featured_media":4603,"comment_status":"closed","ping_status":"closed","sticky":false,"template":"","format":"standard","meta":{"_joinchat":[],"footnotes":""},"categories":[70],"tags":[],"class_list":["post-17822","post","type-post","status-publish","format-standard","has-post-thumbnail","hentry","category-bizden-haberler"],"yoast_head":"<!-- This site is optimized with the Yoast SEO plugin v27.6 - https:\/\/yoast.com\/product\/yoast-seo-wordpress\/ -->\n<title>2025 \u0130stanbul Mobilya Fuar\u0131\u2019nda Yerimizi Ald\u0131k! - Feta E\u011fitim Ara\u00e7lar\u0131 A.\u015e<\/title>\n<meta name=\"robots\" content=\"index, follow, max-snippet:-1, max-image-preview:large, max-video-preview:-1\" \/>\n<link rel=\"canonical\" href=\"https:\/\/www.fetalab.com\/en\/we-took-our-place-at-2025-istanbul-furniture-fair\/\" \/>\n<meta property=\"og:locale\" content=\"en_US\" \/>\n<meta property=\"og:type\" content=\"article\" \/>\n<meta property=\"og:title\" content=\"2025 \u0130stanbul Mobilya Fuar\u0131\u2019nda Yerimizi Ald\u0131k! - Feta E\u011fitim Ara\u00e7lar\u0131 A.\u015e\" \/>\n<meta property=\"og:description\" content=\"21-25 Ocak 2025 tarihleri aras\u0131nda \u0130stanbul Fuar Merkezi&#8217;nde (\u0130FM) d\u00fczenlenen \u0130stanbul Mobilya Fuar\u0131\u2019na, Feta, Edutoys ve Edulab markalar\u0131m\u0131zla kat\u0131larak sekt\u00f6r\u00fcn\" \/>\n<meta property=\"og:url\" content=\"https:\/\/www.fetalab.com\/en\/we-took-our-place-at-2025-istanbul-furniture-fair\/\" \/>\n<meta property=\"og:site_name\" content=\"Feta E\u011fitim Ara\u00e7lar\u0131 A.\u015e\" \/>\n<meta property=\"article:published_time\" content=\"2025-06-15T06:58:03+00:00\" \/>\n<meta property=\"article:modified_time\" content=\"2026-02-10T08:06:11+00:00\" \/>\n<meta property=\"og:image\" content=\"https:\/\/www.fetalab.com\/wp-content\/uploads\/2025\/02\/FETA-TASARIM-SMT-0038-1.png\" \/>\n\t<meta property=\"og:image:width\" content=\"1080\" \/>\n\t<meta property=\"og:image:height\" content=\"1080\" \/>\n\t<meta property=\"og:image:type\" content=\"image\/png\" \/>\n<meta name=\"author\" content=\"bbilgin\" \/>\n<meta name=\"twitter:card\" content=\"summary_large_image\" \/>\n<meta name=\"twitter:label1\" content=\"Written by\" \/>\n\t<meta name=\"twitter:data1\" content=\"bbilgin\" \/>\n\t<meta name=\"twitter:label2\" content=\"Est. reading time\" \/>\n\t<meta name=\"twitter:data2\" content=\"2 minutes\" \/>\n<script type=\"application\/ld+json\" class=\"yoast-schema-graph\">{\"@context\":\"https:\\\/\\\/schema.org\",\"@graph\":[{\"@type\":\"Article\",\"@id\":\"https:\\\/\\\/www.fetalab.com\\\/2025-istanbul-mobilya-fuarinda-yerimizi-aldik\\\/#article\",\"isPartOf\":{\"@id\":\"https:\\\/\\\/www.fetalab.com\\\/2025-istanbul-mobilya-fuarinda-yerimizi-aldik\\\/\"},\"author\":{\"name\":\"bbilgin\",\"@id\":\"https:\\\/\\\/www.fetalab.com\\\/#\\\/schema\\\/person\\\/d6f1cd6e01be695ab498919599713301\"},\"headline\":\"2025 \u0130stanbul Mobilya Fuar\u0131\u2019nda Yerimizi Ald\u0131k!\",\"datePublished\":\"2025-06-15T06:58:03+00:00\",\"dateModified\":\"2026-02-10T08:06:11+00:00\",\"mainEntityOfPage\":{\"@id\":\"https:\\\/\\\/www.fetalab.com\\\/2025-istanbul-mobilya-fuarinda-yerimizi-aldik\\\/\"},\"wordCount\":220,\"image\":{\"@id\":\"https:\\\/\\\/www.fetalab.com\\\/2025-istanbul-mobilya-fuarinda-yerimizi-aldik\\\/#primaryimage\"},\"thumbnailUrl\":\"https:\\\/\\\/www.fetalab.com\\\/wp-content\\\/uploads\\\/2025\\\/02\\\/FETA-TASARIM-SMT-0038-1.png\",\"articleSection\":[\"Bizden Haberler\"],\"inLanguage\":\"en-US\"},{\"@type\":\"ImageObject\",\"inLanguage\":\"en-US\",\"@id\":\"https:\\\/\\\/www.fetalab.com\\\/2025-istanbul-mobilya-fuarinda-yerimizi-aldik\\\/#primaryimage\",\"url\":\"https:\\\/\\\/www.fetalab.com\\\/wp-content\\\/uploads\\\/2025\\\/02\\\/FETA-TASARIM-SMT-0038-1.png\",\"contentUrl\":\"https:\\\/\\\/www.fetalab.com\\\/wp-content\\\/uploads\\\/2025\\\/02\\\/FETA-TASARIM-SMT-0038-1.png\",\"width\":1080,\"height\":1080},{\"@type\":\"BreadcrumbList\",\"@id\":\"https:\\\/\\\/www.fetalab.com\\\/2025-istanbul-mobilya-fuarinda-yerimizi-aldik\\\/#breadcrumb\",\"itemListElement\":[{\"@type\":\"ListItem\",\"position\":1,\"name\":\"Anasayfa\",\"item\":\"https:\\\/\\\/www.fetalab.com\\\/\"},{\"@type\":\"ListItem\",\"position\":2,\"name\":\"2025 \u0130stanbul Mobilya Fuar\u0131\u2019nda Yerimizi Ald\u0131k!\"}]},{\"@type\":\"WebSite\",\"@id\":\"https:\\\/\\\/www.fetalab.com\\\/#website\",\"url\":\"https:\\\/\\\/www.fetalab.com\\\/\",\"name\":\"Feta E\u011fitim Ara\u00e7lar\u0131 A.\u015e\",\"description\":\"Okul Mobilyas\u0131\",\"potentialAction\":[{\"@type\":\"SearchAction\",\"target\":{\"@type\":\"EntryPoint\",\"urlTemplate\":\"https:\\\/\\\/www.fetalab.com\\\/?s={search_term_string}\"},\"query-input\":{\"@type\":\"PropertyValueSpecification\",\"valueRequired\":true,\"valueName\":\"search_term_string\"}}],\"inLanguage\":\"en-US\"},{\"@type\":\"Person\",\"@id\":\"https:\\\/\\\/www.fetalab.com\\\/#\\\/schema\\\/person\\\/d6f1cd6e01be695ab498919599713301\",\"name\":\"bbilgin\",\"image\":{\"@type\":\"ImageObject\",\"inLanguage\":\"en-US\",\"@id\":\"https:\\\/\\\/secure.gravatar.com\\\/avatar\\\/65e8676e18179ea5ffc83523e2ce28edb84d476da917f032da43cfb7dc9832d7?s=96&d=mm&r=g\",\"url\":\"https:\\\/\\\/secure.gravatar.com\\\/avatar\\\/65e8676e18179ea5ffc83523e2ce28edb84d476da917f032da43cfb7dc9832d7?s=96&d=mm&r=g\",\"contentUrl\":\"https:\\\/\\\/secure.gravatar.com\\\/avatar\\\/65e8676e18179ea5ffc83523e2ce28edb84d476da917f032da43cfb7dc9832d7?s=96&d=mm&r=g\",\"caption\":\"bbilgin\"},\"sameAs\":[\"https:\\\/\\\/birolbilgin.com\"],\"url\":\"https:\\\/\\\/www.fetalab.com\\\/en\\\/author\\\/bbilgin\\\/\"}]}<\/script>\n<!-- \/ Yoast SEO plugin. -->","yoast_head_json":{"title":"We took our place at 2025 Istanbul Furniture Fair! - Feta Education Tools Inc.","robots":{"index":"index","follow":"follow","max-snippet":"max-snippet:-1","max-image-preview":"max-image-preview:large","max-video-preview":"max-video-preview:-1"},"canonical":"https:\/\/www.fetalab.com\/en\/we-took-our-place-at-2025-istanbul-furniture-fair\/","og_locale":"en_US","og_type":"article","og_title":"2025 \u0130stanbul Mobilya Fuar\u0131\u2019nda Yerimizi Ald\u0131k! - Feta E\u011fitim Ara\u00e7lar\u0131 A.\u015e","og_description":"21-25 Ocak 2025 tarihleri aras\u0131nda \u0130stanbul Fuar Merkezi&#8217;nde (\u0130FM) d\u00fczenlenen \u0130stanbul Mobilya Fuar\u0131\u2019na, Feta, Edutoys ve Edulab markalar\u0131m\u0131zla kat\u0131larak sekt\u00f6r\u00fcn","og_url":"https:\/\/www.fetalab.com\/en\/we-took-our-place-at-2025-istanbul-furniture-fair\/","og_site_name":"Feta E\u011fitim Ara\u00e7lar\u0131 A.\u015e","article_published_time":"2025-06-15T06:58:03+00:00","article_modified_time":"2026-02-10T08:06:11+00:00","og_image":[{"width":1080,"height":1080,"url":"https:\/\/www.fetalab.com\/wp-content\/uploads\/2025\/02\/FETA-TASARIM-SMT-0038-1.png","type":"image\/png"}],"author":"bbilgin","twitter_card":"summary_large_image","twitter_misc":{"Written by":"bbilgin","Est. reading time":"2 minutes"},"schema":{"@context":"https:\/\/schema.org","@graph":[{"@type":"Article","@id":"https:\/\/www.fetalab.com\/2025-istanbul-mobilya-fuarinda-yerimizi-aldik\/#article","isPartOf":{"@id":"https:\/\/www.fetalab.com\/2025-istanbul-mobilya-fuarinda-yerimizi-aldik\/"},"author":{"name":"bbilgin","@id":"https:\/\/www.fetalab.com\/#\/schema\/person\/d6f1cd6e01be695ab498919599713301"},"headline":"2025 \u0130stanbul Mobilya Fuar\u0131\u2019nda Yerimizi Ald\u0131k!","datePublished":"2025-06-15T06:58:03+00:00","dateModified":"2026-02-10T08:06:11+00:00","mainEntityOfPage":{"@id":"https:\/\/www.fetalab.com\/2025-istanbul-mobilya-fuarinda-yerimizi-aldik\/"},"wordCount":220,"image":{"@id":"https:\/\/www.fetalab.com\/2025-istanbul-mobilya-fuarinda-yerimizi-aldik\/#primaryimage"},"thumbnailUrl":"https:\/\/www.fetalab.com\/wp-content\/uploads\/2025\/02\/FETA-TASARIM-SMT-0038-1.png","articleSection":["Bizden Haberler"],"inLanguage":"en-US"},{"@type":"ImageObject","inLanguage":"en-US","@id":"https:\/\/www.fetalab.com\/2025-istanbul-mobilya-fuarinda-yerimizi-aldik\/#primaryimage","url":"https:\/\/www.fetalab.com\/wp-content\/uploads\/2025\/02\/FETA-TASARIM-SMT-0038-1.png","contentUrl":"https:\/\/www.fetalab.com\/wp-content\/uploads\/2025\/02\/FETA-TASARIM-SMT-0038-1.png","width":1080,"height":1080},{"@type":"BreadcrumbList","@id":"https:\/\/www.fetalab.com\/2025-istanbul-mobilya-fuarinda-yerimizi-aldik\/#breadcrumb","itemListElement":[{"@type":"ListItem","position":1,"name":"Anasayfa","item":"https:\/\/www.fetalab.com\/"},{"@type":"ListItem","position":2,"name":"2025 \u0130stanbul Mobilya Fuar\u0131\u2019nda Yerimizi Ald\u0131k!"}]},{"@type":"WebSite","@id":"https:\/\/www.fetalab.com\/#website","url":"https:\/\/www.fetalab.com\/","name":"Feta Education Tools Inc.","description":"Okul Mobilyas\u0131","potentialAction":[{"@type":"SearchAction","target":{"@type":"EntryPoint","urlTemplate":"https:\/\/www.fetalab.com\/?s={search_term_string}"},"query-input":{"@type":"PropertyValueSpecification","valueRequired":true,"valueName":"search_term_string"}}],"inLanguage":"en-US"},{"@type":"Person","@id":"https:\/\/www.fetalab.com\/#\/schema\/person\/d6f1cd6e01be695ab498919599713301","name":"bbilgin","image":{"@type":"ImageObject","inLanguage":"en-US","@id":"https:\/\/secure.gravatar.com\/avatar\/65e8676e18179ea5ffc83523e2ce28edb84d476da917f032da43cfb7dc9832d7?s=96&d=mm&r=g","url":"https:\/\/secure.gravatar.com\/avatar\/65e8676e18179ea5ffc83523e2ce28edb84d476da917f032da43cfb7dc9832d7?s=96&d=mm&r=g","contentUrl":"https:\/\/secure.gravatar.com\/avatar\/65e8676e18179ea5ffc83523e2ce28edb84d476da917f032da43cfb7dc9832d7?s=96&d=mm&r=g","caption":"bbilgin"},"sameAs":["https:\/\/birolbilgin.com"],"url":"https:\/\/www.fetalab.com\/en\/author\/bbilgin\/"}]}},"_links":{"self":[{"href":"https:\/\/www.fetalab.com\/en\/wp-json\/wp\/v2\/posts\/17822","targetHints":{"allow":["GET"]}}],"collection":[{"href":"https:\/\/www.fetalab.com\/en\/wp-json\/wp\/v2\/posts"}],"about":[{"href":"https:\/\/www.fetalab.com\/en\/wp-json\/wp\/v2\/types\/post"}],"author":[{"embeddable":true,"href":"https:\/\/www.fetalab.com\/en\/wp-json\/wp\/v2\/users\/1"}],"replies":[{"embeddable":true,"href":"https:\/\/www.fetalab.com\/en\/wp-json\/wp\/v2\/comments?post=17822"}],"version-history":[{"count":0,"href":"https:\/\/www.fetalab.com\/en\/wp-json\/wp\/v2\/posts\/17822\/revisions"}],"wp:featuredmedia":[{"embeddable":true,"href":"https:\/\/www.fetalab.com\/en\/wp-json\/wp\/v2\/media\/4603"}],"wp:attachment":[{"href":"https:\/\/www.fetalab.com\/en\/wp-json\/wp\/v2\/media?parent=17822"}],"wp:term":[{"taxonomy":"category","embeddable":true,"href":"https:\/\/www.fetalab.com\/en\/wp-json\/wp\/v2\/categories?post=17822"},{"taxonomy":"post_tag","embeddable":true,"href":"https:\/\/www.fetalab.com\/en\/wp-json\/wp\/v2\/tags?post=17822"}],"curies":[{"name":"wp","href":"https:\/\/api.w.org\/{rel}","templated":true}]}}