{"id":50624,"date":"2025-09-02T08:10:19","date_gmt":"2025-09-02T08:10:19","guid":{"rendered":"https:\/\/www.fetalab.com\/?p=50624"},"modified":"2025-09-02T08:10:19","modified_gmt":"2025-09-02T08:10:19","slug":"ogrenci-sagligi-ve-dikkat-suresi-icin-uygun-sandalye-masa-secimi","status":"publish","type":"post","link":"https:\/\/www.fetalab.com\/ar\/ogrenci-sagligi-ve-dikkat-suresi-icin-uygun-sandalye-masa-secimi\/","title":{"rendered":"\u0627\u062e\u062a\u064a\u0627\u0631 \u0627\u0644\u0643\u0631\u0633\u064a\/\u0627\u0644\u0645\u0643\u062a\u0628 \u0627\u0644\u0645\u0646\u0627\u0633\u0628 \u0644\u0635\u062d\u0629 \u0627\u0644\u0637\u0627\u0644\u0628 \u0648\u0645\u062f\u0649 \u0627\u0646\u062a\u0628\u0627\u0647\u0647."},"content":{"rendered":"<p data-start=\"112\" data-end=\"1356\">Okul ortamlar\u0131nda \u00f6\u011frencilerin sa\u011fl\u0131\u011f\u0131 ve dikkat s\u00fcreleri, kullan\u0131lan mobilyalar\u0131n ergonomisine do\u011frudan ba\u011fl\u0131d\u0131r. Do\u011fru masa ve sandalye se\u00e7imi, sadece fiziksel konfor de\u011fil, ayn\u0131 zamanda zihinsel performans a\u00e7\u0131s\u0131ndan da kritik bir rol oynar. \u00d6zellikle geli\u015fim \u00e7a\u011f\u0131ndaki \u00f6\u011frenciler, uzun s\u00fcre ders s\u0131ras\u0131nda oturmak zorunda kald\u0131klar\u0131 i\u00e7in, do\u011fru pozisyonda oturabilmeleri b\u00fcy\u00fck \u00f6nem ta\u015f\u0131r. Uygun olmayan y\u00fckseklikteki masalar veya destekleyici \u00f6zelli\u011fi olmayan sandalyeler, omurga sa\u011fl\u0131\u011f\u0131n\u0131 olumsuz etkileyerek kamburluk, bel ve boyun a\u011fr\u0131s\u0131 gibi sorunlara yol a\u00e7abilir. Bu t\u00fcr rahats\u0131zl\u0131klar, \u00f6\u011frencinin ders s\u0131ras\u0131nda dikkatini toplamas\u0131n\u0131 zorla\u015ft\u0131r\u0131r, \u00f6\u011frenme verimini d\u00fc\u015f\u00fcr\u00fcr ve uzun vadede kal\u0131c\u0131 duru\u015f bozukluklar\u0131na neden olabilir. Oysa ergonomik olarak tasarlanm\u0131\u015f mobilyalar, omurgan\u0131n do\u011fal e\u011frisini destekler, v\u00fccut a\u011f\u0131rl\u0131\u011f\u0131n\u0131 dengeli da\u011f\u0131t\u0131r ve kaslar\u0131n gereksiz zorlanmas\u0131n\u0131 \u00f6nler. B\u00f6ylece \u00f6\u011frenciler daha az yorgunluk hisseder, s\u0131n\u0131f i\u00e7indeki dikkat s\u00fcreleri uzar ve derse daha aktif kat\u0131l\u0131m sa\u011flar. E\u011fitim kurumlar\u0131n\u0131n bu noktada yaln\u0131zca esteti\u011fe de\u011fil, sa\u011fl\u0131\u011fa ve ergonomiye \u00f6ncelik vermesi gerekir. \u00c7\u00fcnk\u00fc uygun mobilyalar, sadece rahatl\u0131k de\u011fil, ayn\u0131 zamanda akademik ba\u015far\u0131 ve sa\u011fl\u0131kl\u0131 geli\u015fim i\u00e7in temel bir gerekliliktir.<\/p>\n<p data-start=\"1358\" data-end=\"2715\">Do\u011fru sandalye ve masa se\u00e7imi i\u00e7in birka\u00e7 \u00f6nemli kriter g\u00f6z \u00f6n\u00fcnde bulundurulmal\u0131d\u0131r. \u00d6ncelikle \u00f6\u011frencilerin ya\u015f gruplar\u0131 ve boy-kilo oranlar\u0131 dikkate al\u0131narak mobilya \u00f6l\u00e7\u00fcleri belirlenmelidir. Masa ve sandalye y\u00fckseklikleri, oturma derinlikleri, s\u0131rt deste\u011fi ve oturma y\u00fczeyinin a\u00e7\u0131s\u0131 ergonomik standartlara uygun olmal\u0131d\u0131r. Ayarlanabilir \u00f6zelliklere sahip mobilyalar, farkl\u0131 ya\u015f gruplar\u0131na ve bireysel ihtiya\u00e7lara uyum sa\u011flayarak ideal \u00e7\u00f6z\u00fcmler sunar. Bunun yan\u0131 s\u0131ra, masan\u0131n geni\u015fli\u011fi defter, kitap ve teknolojik cihazlar i\u00e7in yeterli alan sa\u011flamal\u0131, sandalyenin bel deste\u011fi ise \u00f6\u011frencinin omurgas\u0131n\u0131 do\u011fru konumda tutabilmelidir. Ayaklar\u0131n yere tam basmas\u0131, dizlerin 90 derecelik a\u00e7\u0131 yapmas\u0131 ve oturma s\u0131ras\u0131nda v\u00fccudun dengeli durmas\u0131, dikkat s\u00fcresini do\u011frudan etkileyen fakt\u00f6rlerdir. Ayr\u0131ca kullan\u0131lan malzemelerin dayan\u0131kl\u0131 ve hijyenik olmas\u0131, hem sa\u011fl\u0131\u011f\u0131 hem de uzun s\u00fcreli kullan\u0131m\u0131 destekler. G\u00fcn\u00fcm\u00fczde bir\u00e7ok e\u011fitim kurumu, \u00f6\u011frencilerin fiziksel sa\u011fl\u0131\u011f\u0131n\u0131 ve zihinsel performans\u0131n\u0131 art\u0131rmak i\u00e7in ergonomik tasar\u0131mlara y\u00f6nelmektedir. Bu nedenle, e\u011fitim alanlar\u0131n\u0131n planlamas\u0131nda ergonomi \u00f6ncelikli olmal\u0131 ve her ayr\u0131nt\u0131 \u00f6\u011frencilerin geli\u015fimini destekleyecek \u015fekilde d\u00fc\u015f\u00fcn\u00fclmelidir. Unutulmamal\u0131d\u0131r ki sa\u011fl\u0131kl\u0131 bir oturma d\u00fczeni, sadece k\u0131sa vadeli rahatl\u0131k de\u011fil, ayn\u0131 zamanda uzun vadeli akademik ba\u015far\u0131 ve fiziksel sa\u011fl\u0131k i\u00e7in vazge\u00e7ilmezdir.<\/p>","protected":false},"excerpt":{"rendered":"<p>Okul ortamlar\u0131nda \u00f6\u011frencilerin sa\u011fl\u0131\u011f\u0131 ve dikkat s\u00fcreleri, kullan\u0131lan mobilyalar\u0131n ergonomisine do\u011frudan ba\u011fl\u0131d\u0131r. Do\u011fru masa ve sandalye se\u00e7imi, sadece fiziksel konfor<\/p>","protected":false},"author":1,"featured_media":50626,"comment_status":"closed","ping_status":"closed","sticky":false,"template":"","format":"standard","meta":{"_joinchat":[],"footnotes":""},"categories":[1],"tags":[],"class_list":["post-50624","post","type-post","status-publish","format-standard","has-post-thumbnail","hentry","category-blog"],"yoast_head":"<!-- This site is optimized with the Yoast SEO plugin v27.6 - https:\/\/yoast.com\/product\/yoast-seo-wordpress\/ -->\n<title>\u00d6\u011frenci sa\u011fl\u0131\u011f\u0131 ve dikkat s\u00fcresi i\u00e7in uygun sandalye\/masa se\u00e7imi. - Feta E\u011fitim Ara\u00e7lar\u0131 A.\u015e<\/title>\n<meta name=\"robots\" content=\"index, follow, max-snippet:-1, max-image-preview:large, max-video-preview:-1\" \/>\n<link rel=\"canonical\" href=\"https:\/\/www.fetalab.com\/ar\/ogrenci-sagligi-ve-dikkat-suresi-icin-uygun-sandalye-masa-secimi\/\" \/>\n<meta property=\"og:locale\" content=\"ar_AR\" \/>\n<meta property=\"og:type\" content=\"article\" \/>\n<meta property=\"og:title\" content=\"\u00d6\u011frenci sa\u011fl\u0131\u011f\u0131 ve dikkat s\u00fcresi i\u00e7in uygun sandalye\/masa se\u00e7imi. - Feta E\u011fitim Ara\u00e7lar\u0131 A.\u015e\" \/>\n<meta property=\"og:description\" content=\"Okul ortamlar\u0131nda \u00f6\u011frencilerin sa\u011fl\u0131\u011f\u0131 ve dikkat s\u00fcreleri, kullan\u0131lan mobilyalar\u0131n ergonomisine do\u011frudan ba\u011fl\u0131d\u0131r. Do\u011fru masa ve sandalye se\u00e7imi, sadece fiziksel konfor\" \/>\n<meta property=\"og:url\" content=\"https:\/\/www.fetalab.com\/ar\/ogrenci-sagligi-ve-dikkat-suresi-icin-uygun-sandalye-masa-secimi\/\" \/>\n<meta property=\"og:site_name\" content=\"Feta E\u011fitim Ara\u00e7lar\u0131 A.\u015e\" \/>\n<meta property=\"article:published_time\" content=\"2025-09-02T08:10:19+00:00\" \/>\n<meta property=\"og:image\" content=\"https:\/\/www.fetalab.com\/wp-content\/uploads\/2025\/09\/ChatGPT-Image-2-Eyl-2025-11_07_57.jpg\" \/>\n\t<meta property=\"og:image:width\" content=\"800\" \/>\n\t<meta property=\"og:image:height\" content=\"1200\" \/>\n\t<meta property=\"og:image:type\" content=\"image\/jpeg\" \/>\n<meta name=\"author\" content=\"bbilgin\" \/>\n<meta name=\"twitter:card\" content=\"summary_large_image\" \/>\n<meta name=\"twitter:label1\" content=\"\u0643\u064f\u062a\u0628 \u0628\u0648\u0627\u0633\u0637\u0629\" \/>\n\t<meta name=\"twitter:data1\" content=\"bbilgin\" \/>\n\t<meta name=\"twitter:label2\" content=\"\u0648\u0642\u062a \u0627\u0644\u0642\u0631\u0627\u0621\u0629 \u0627\u0644\u0645\u064f\u0642\u062f\u0651\u0631\" \/>\n\t<meta name=\"twitter:data2\" content=\"3 \u062f\u0642\u0627\u0626\u0642\" \/>\n<script type=\"application\/ld+json\" class=\"yoast-schema-graph\">{\"@context\":\"https:\\\/\\\/schema.org\",\"@graph\":[{\"@type\":\"Article\",\"@id\":\"https:\\\/\\\/www.fetalab.com\\\/ogrenci-sagligi-ve-dikkat-suresi-icin-uygun-sandalye-masa-secimi\\\/#article\",\"isPartOf\":{\"@id\":\"https:\\\/\\\/www.fetalab.com\\\/ogrenci-sagligi-ve-dikkat-suresi-icin-uygun-sandalye-masa-secimi\\\/\"},\"author\":{\"name\":\"bbilgin\",\"@id\":\"https:\\\/\\\/www.fetalab.com\\\/#\\\/schema\\\/person\\\/d6f1cd6e01be695ab498919599713301\"},\"headline\":\"\u00d6\u011frenci sa\u011fl\u0131\u011f\u0131 ve dikkat s\u00fcresi i\u00e7in uygun sandalye\\\/masa se\u00e7imi.\",\"datePublished\":\"2025-09-02T08:10:19+00:00\",\"mainEntityOfPage\":{\"@id\":\"https:\\\/\\\/www.fetalab.com\\\/ogrenci-sagligi-ve-dikkat-suresi-icin-uygun-sandalye-masa-secimi\\\/\"},\"wordCount\":488,\"image\":{\"@id\":\"https:\\\/\\\/www.fetalab.com\\\/ogrenci-sagligi-ve-dikkat-suresi-icin-uygun-sandalye-masa-secimi\\\/#primaryimage\"},\"thumbnailUrl\":\"https:\\\/\\\/www.fetalab.com\\\/wp-content\\\/uploads\\\/2025\\\/09\\\/ChatGPT-Image-2-Eyl-2025-11_07_57.jpg\",\"articleSection\":[\"Blog\"],\"inLanguage\":\"ar\"},{\"@type\":\"ImageObject\",\"inLanguage\":\"ar\",\"@id\":\"https:\\\/\\\/www.fetalab.com\\\/ogrenci-sagligi-ve-dikkat-suresi-icin-uygun-sandalye-masa-secimi\\\/#primaryimage\",\"url\":\"https:\\\/\\\/www.fetalab.com\\\/wp-content\\\/uploads\\\/2025\\\/09\\\/ChatGPT-Image-2-Eyl-2025-11_07_57.jpg\",\"contentUrl\":\"https:\\\/\\\/www.fetalab.com\\\/wp-content\\\/uploads\\\/2025\\\/09\\\/ChatGPT-Image-2-Eyl-2025-11_07_57.jpg\",\"width\":800,\"height\":1200},{\"@type\":\"BreadcrumbList\",\"@id\":\"https:\\\/\\\/www.fetalab.com\\\/ogrenci-sagligi-ve-dikkat-suresi-icin-uygun-sandalye-masa-secimi\\\/#breadcrumb\",\"itemListElement\":[{\"@type\":\"ListItem\",\"position\":1,\"name\":\"Anasayfa\",\"item\":\"https:\\\/\\\/www.fetalab.com\\\/\"},{\"@type\":\"ListItem\",\"position\":2,\"name\":\"\u00d6\u011frenci sa\u011fl\u0131\u011f\u0131 ve dikkat s\u00fcresi i\u00e7in uygun sandalye\\\/masa se\u00e7imi.\"}]},{\"@type\":\"WebSite\",\"@id\":\"https:\\\/\\\/www.fetalab.com\\\/#website\",\"url\":\"https:\\\/\\\/www.fetalab.com\\\/\",\"name\":\"Feta E\u011fitim Ara\u00e7lar\u0131 A.\u015e\",\"description\":\"Okul Mobilyas\u0131\",\"potentialAction\":[{\"@type\":\"SearchAction\",\"target\":{\"@type\":\"EntryPoint\",\"urlTemplate\":\"https:\\\/\\\/www.fetalab.com\\\/?s={search_term_string}\"},\"query-input\":{\"@type\":\"PropertyValueSpecification\",\"valueRequired\":true,\"valueName\":\"search_term_string\"}}],\"inLanguage\":\"ar\"},{\"@type\":\"Person\",\"@id\":\"https:\\\/\\\/www.fetalab.com\\\/#\\\/schema\\\/person\\\/d6f1cd6e01be695ab498919599713301\",\"name\":\"bbilgin\",\"image\":{\"@type\":\"ImageObject\",\"inLanguage\":\"ar\",\"@id\":\"https:\\\/\\\/secure.gravatar.com\\\/avatar\\\/65e8676e18179ea5ffc83523e2ce28edb84d476da917f032da43cfb7dc9832d7?s=96&d=mm&r=g\",\"url\":\"https:\\\/\\\/secure.gravatar.com\\\/avatar\\\/65e8676e18179ea5ffc83523e2ce28edb84d476da917f032da43cfb7dc9832d7?s=96&d=mm&r=g\",\"contentUrl\":\"https:\\\/\\\/secure.gravatar.com\\\/avatar\\\/65e8676e18179ea5ffc83523e2ce28edb84d476da917f032da43cfb7dc9832d7?s=96&d=mm&r=g\",\"caption\":\"bbilgin\"},\"sameAs\":[\"https:\\\/\\\/birolbilgin.com\"],\"url\":\"https:\\\/\\\/www.fetalab.com\\\/ar\\\/author\\\/bbilgin\\\/\"}]}<\/script>\n<!-- \/ Yoast SEO plugin. -->","yoast_head_json":{"title":"\u00d6\u011frenci sa\u011fl\u0131\u011f\u0131 ve dikkat s\u00fcresi i\u00e7in uygun sandalye\/masa se\u00e7imi. - Feta E\u011fitim Ara\u00e7lar\u0131 A.\u015e","robots":{"index":"index","follow":"follow","max-snippet":"max-snippet:-1","max-image-preview":"max-image-preview:large","max-video-preview":"max-video-preview:-1"},"canonical":"https:\/\/www.fetalab.com\/ar\/ogrenci-sagligi-ve-dikkat-suresi-icin-uygun-sandalye-masa-secimi\/","og_locale":"ar_AR","og_type":"article","og_title":"\u00d6\u011frenci sa\u011fl\u0131\u011f\u0131 ve dikkat s\u00fcresi i\u00e7in uygun sandalye\/masa se\u00e7imi. - Feta E\u011fitim Ara\u00e7lar\u0131 A.\u015e","og_description":"Okul ortamlar\u0131nda \u00f6\u011frencilerin sa\u011fl\u0131\u011f\u0131 ve dikkat s\u00fcreleri, kullan\u0131lan mobilyalar\u0131n ergonomisine do\u011frudan ba\u011fl\u0131d\u0131r. Do\u011fru masa ve sandalye se\u00e7imi, sadece fiziksel konfor","og_url":"https:\/\/www.fetalab.com\/ar\/ogrenci-sagligi-ve-dikkat-suresi-icin-uygun-sandalye-masa-secimi\/","og_site_name":"Feta E\u011fitim Ara\u00e7lar\u0131 A.\u015e","article_published_time":"2025-09-02T08:10:19+00:00","og_image":[{"width":800,"height":1200,"url":"https:\/\/www.fetalab.com\/wp-content\/uploads\/2025\/09\/ChatGPT-Image-2-Eyl-2025-11_07_57.jpg","type":"image\/jpeg"}],"author":"bbilgin","twitter_card":"summary_large_image","twitter_misc":{"\u0643\u064f\u062a\u0628 \u0628\u0648\u0627\u0633\u0637\u0629":"bbilgin","\u0648\u0642\u062a \u0627\u0644\u0642\u0631\u0627\u0621\u0629 \u0627\u0644\u0645\u064f\u0642\u062f\u0651\u0631":"3 \u062f\u0642\u0627\u0626\u0642"},"schema":{"@context":"https:\/\/schema.org","@graph":[{"@type":"Article","@id":"https:\/\/www.fetalab.com\/ogrenci-sagligi-ve-dikkat-suresi-icin-uygun-sandalye-masa-secimi\/#article","isPartOf":{"@id":"https:\/\/www.fetalab.com\/ogrenci-sagligi-ve-dikkat-suresi-icin-uygun-sandalye-masa-secimi\/"},"author":{"name":"bbilgin","@id":"https:\/\/www.fetalab.com\/#\/schema\/person\/d6f1cd6e01be695ab498919599713301"},"headline":"\u00d6\u011frenci sa\u011fl\u0131\u011f\u0131 ve dikkat s\u00fcresi i\u00e7in uygun sandalye\/masa se\u00e7imi.","datePublished":"2025-09-02T08:10:19+00:00","mainEntityOfPage":{"@id":"https:\/\/www.fetalab.com\/ogrenci-sagligi-ve-dikkat-suresi-icin-uygun-sandalye-masa-secimi\/"},"wordCount":488,"image":{"@id":"https:\/\/www.fetalab.com\/ogrenci-sagligi-ve-dikkat-suresi-icin-uygun-sandalye-masa-secimi\/#primaryimage"},"thumbnailUrl":"https:\/\/www.fetalab.com\/wp-content\/uploads\/2025\/09\/ChatGPT-Image-2-Eyl-2025-11_07_57.jpg","articleSection":["Blog"],"inLanguage":"ar"},{"@type":"ImageObject","inLanguage":"ar","@id":"https:\/\/www.fetalab.com\/ogrenci-sagligi-ve-dikkat-suresi-icin-uygun-sandalye-masa-secimi\/#primaryimage","url":"https:\/\/www.fetalab.com\/wp-content\/uploads\/2025\/09\/ChatGPT-Image-2-Eyl-2025-11_07_57.jpg","contentUrl":"https:\/\/www.fetalab.com\/wp-content\/uploads\/2025\/09\/ChatGPT-Image-2-Eyl-2025-11_07_57.jpg","width":800,"height":1200},{"@type":"BreadcrumbList","@id":"https:\/\/www.fetalab.com\/ogrenci-sagligi-ve-dikkat-suresi-icin-uygun-sandalye-masa-secimi\/#breadcrumb","itemListElement":[{"@type":"ListItem","position":1,"name":"Anasayfa","item":"https:\/\/www.fetalab.com\/"},{"@type":"ListItem","position":2,"name":"\u00d6\u011frenci sa\u011fl\u0131\u011f\u0131 ve dikkat s\u00fcresi i\u00e7in uygun sandalye\/masa se\u00e7imi."}]},{"@type":"WebSite","@id":"https:\/\/www.fetalab.com\/#website","url":"https:\/\/www.fetalab.com\/","name":"\u0634\u0631\u0643\u0629 \u0641\u064a\u062a\u0627 \u0644\u0644\u0623\u062f\u0648\u0627\u062a \u0627\u0644\u062a\u0639\u0644\u064a\u0645\u064a\u0629","description":"Okul Mobilyas\u0131","potentialAction":[{"@type":"SearchAction","target":{"@type":"EntryPoint","urlTemplate":"https:\/\/www.fetalab.com\/?s={search_term_string}"},"query-input":{"@type":"PropertyValueSpecification","valueRequired":true,"valueName":"search_term_string"}}],"inLanguage":"ar"},{"@type":"Person","@id":"https:\/\/www.fetalab.com\/#\/schema\/person\/d6f1cd6e01be695ab498919599713301","name":"\u0628\u0628\u0644\u062c\u064a\u0646","image":{"@type":"ImageObject","inLanguage":"ar","@id":"https:\/\/secure.gravatar.com\/avatar\/65e8676e18179ea5ffc83523e2ce28edb84d476da917f032da43cfb7dc9832d7?s=96&d=mm&r=g","url":"https:\/\/secure.gravatar.com\/avatar\/65e8676e18179ea5ffc83523e2ce28edb84d476da917f032da43cfb7dc9832d7?s=96&d=mm&r=g","contentUrl":"https:\/\/secure.gravatar.com\/avatar\/65e8676e18179ea5ffc83523e2ce28edb84d476da917f032da43cfb7dc9832d7?s=96&d=mm&r=g","caption":"bbilgin"},"sameAs":["https:\/\/birolbilgin.com"],"url":"https:\/\/www.fetalab.com\/ar\/author\/bbilgin\/"}]}},"_links":{"self":[{"href":"https:\/\/www.fetalab.com\/ar\/wp-json\/wp\/v2\/posts\/50624","targetHints":{"allow":["GET"]}}],"collection":[{"href":"https:\/\/www.fetalab.com\/ar\/wp-json\/wp\/v2\/posts"}],"about":[{"href":"https:\/\/www.fetalab.com\/ar\/wp-json\/wp\/v2\/types\/post"}],"author":[{"embeddable":true,"href":"https:\/\/www.fetalab.com\/ar\/wp-json\/wp\/v2\/users\/1"}],"replies":[{"embeddable":true,"href":"https:\/\/www.fetalab.com\/ar\/wp-json\/wp\/v2\/comments?post=50624"}],"version-history":[{"count":0,"href":"https:\/\/www.fetalab.com\/ar\/wp-json\/wp\/v2\/posts\/50624\/revisions"}],"wp:featuredmedia":[{"embeddable":true,"href":"https:\/\/www.fetalab.com\/ar\/wp-json\/wp\/v2\/media\/50626"}],"wp:attachment":[{"href":"https:\/\/www.fetalab.com\/ar\/wp-json\/wp\/v2\/media?parent=50624"}],"wp:term":[{"taxonomy":"category","embeddable":true,"href":"https:\/\/www.fetalab.com\/ar\/wp-json\/wp\/v2\/categories?post=50624"},{"taxonomy":"post_tag","embeddable":true,"href":"https:\/\/www.fetalab.com\/ar\/wp-json\/wp\/v2\/tags?post=50624"}],"curies":[{"name":"wp","href":"https:\/\/api.w.org\/{rel}","templated":true}]}}